{"id":804,"date":"2024-10-23T00:11:10","date_gmt":"2024-10-22T22:11:10","guid":{"rendered":"https:\/\/www.geomhaus.it\/geowp\/?p=804"},"modified":"2025-11-20T22:13:41","modified_gmt":"2025-11-20T21:13:41","slug":"recupero-seminterrati","status":"publish","type":"post","link":"https:\/\/www.geomhaus.it\/geowp\/urbanistica_catasto\/recupero-seminterrati\/","title":{"rendered":"Il recupero-seminterrati"},"content":{"rendered":"\t\t<div data-elementor-type=\"wp-post\" data-elementor-id=\"804\" class=\"elementor elementor-804\">\n\t\t\t\t<div class=\"elementor-element elementor-element-3edb41d0 e-con-full e-flex e-con e-parent\" data-id=\"3edb41d0\" data-element_type=\"container\" data-settings=\"{&quot;background_background&quot;:&quot;gradient&quot;}\">\n\t\t<div class=\"elementor-element elementor-element-1567b71c e-con-full e-flex e-con e-child\" data-id=\"1567b71c\" data-element_type=\"container\">\n\t\t\t\t<\/div>\n\t\t<div class=\"elementor-element elementor-element-46401f9e e-con-full e-flex e-con e-child\" data-id=\"46401f9e\" data-element_type=\"container\">\n\t\t\t\t<div class=\"elementor-element elementor-element-4aa9ae4b e-transform elementor-widget__width-initial elementor-widget-tablet__width-initial elementor-widget-mobile__width-initial elementor-widget elementor-widget-image\" data-id=\"4aa9ae4b\" data-element_type=\"widget\" data-settings=\"{&quot;_animation_mobile&quot;:&quot;fadeInRight&quot;,&quot;_animation&quot;:&quot;none&quot;,&quot;_transform_rotateZ_effect&quot;:{&quot;unit&quot;:&quot;px&quot;,&quot;size&quot;:&quot;&quot;,&quot;sizes&quot;:[]},&quot;_transform_rotateZ_effect_tablet&quot;:{&quot;unit&quot;:&quot;deg&quot;,&quot;size&quot;:&quot;&quot;,&quot;sizes&quot;:[]},&quot;_transform_rotateZ_effect_mobile&quot;:{&quot;unit&quot;:&quot;deg&quot;,&quot;size&quot;:&quot;&quot;,&quot;sizes&quot;:[]}}\" data-widget_type=\"image.default\">\n\t\t\t\t<div class=\"elementor-widget-container\">\n\t\t\t\t\t\t\t\t\t\t\t\t\t\t\t<img fetchpriority=\"high\" decoding=\"async\" width=\"864\" height=\"199\" src=\"https:\/\/www.geomhaus.it\/geowp\/wp-content\/uploads\/2025\/10\/logo-2025_rev2.png\" class=\"attachment-large size-large wp-image-1408\" alt=\"Geomhaus Project Geometra Monza e Brianza\" srcset=\"https:\/\/www.geomhaus.it\/geowp\/wp-content\/uploads\/2025\/10\/logo-2025_rev2.png 864w, https:\/\/www.geomhaus.it\/geowp\/wp-content\/uploads\/2025\/10\/logo-2025_rev2-300x69.png 300w, https:\/\/www.geomhaus.it\/geowp\/wp-content\/uploads\/2025\/10\/logo-2025_rev2-768x177.png 768w\" sizes=\"(max-width: 864px) 100vw, 864px\" \/>\t\t\t\t\t\t\t\t\t\t\t\t\t\t\t<\/div>\n\t\t\t\t<\/div>\n\t\t\t\t<\/div>\n\t\t<div class=\"elementor-element elementor-element-73346c6b e-con-full e-flex e-con e-child\" data-id=\"73346c6b\" data-element_type=\"container\">\n\t\t\t\t<div class=\"elementor-element elementor-element-71d97db9 elementor-invisible elementor-widget elementor-widget-heading\" data-id=\"71d97db9\" data-element_type=\"widget\" data-settings=\"{&quot;_animation&quot;:&quot;bounceIn&quot;}\" data-widget_type=\"heading.default\">\n\t\t\t\t<div class=\"elementor-widget-container\">\n\t\t\t\t\t<h5 class=\"elementor-heading-title elementor-size-default\"><a href=\"#servizi\">Servizi --<\/a><\/h5>\t\t\t\t<\/div>\n\t\t\t\t<\/div>\n\t\t\t\t<div class=\"elementor-element elementor-element-2f3fe428 elementor-invisible elementor-widget elementor-widget-heading\" data-id=\"2f3fe428\" data-element_type=\"widget\" data-settings=\"{&quot;_animation&quot;:&quot;bounceIn&quot;}\" data-widget_type=\"heading.default\">\n\t\t\t\t<div class=\"elementor-widget-container\">\n\t\t\t\t\t<h5 class=\"elementor-heading-title elementor-size-default\"><a href=\"#contatti\">- Contatti       <\/a><\/h5>\t\t\t\t<\/div>\n\t\t\t\t<\/div>\n\t\t\t\t<div class=\"elementor-element elementor-element-f666e77 elementor-widget-mobile__width-inherit elementor-invisible elementor-widget elementor-widget-heading\" data-id=\"f666e77\" data-element_type=\"widget\" data-settings=\"{&quot;_animation&quot;:&quot;bounceIn&quot;}\" data-widget_type=\"heading.default\">\n\t\t\t\t<div class=\"elementor-widget-container\">\n\t\t\t\t\t<h5 class=\"elementor-heading-title elementor-size-default\"><a href=\"https:\/\/www.geomhaus.it\/geowp\/articoli\/\">- Articoli<\/a><\/h5>\t\t\t\t<\/div>\n\t\t\t\t<\/div>\n\t\t\t\t<\/div>\n\t\t\t\t<\/div>\n\t\t<div class=\"elementor-element elementor-element-62058196 e-flex e-con-boxed e-con e-parent\" data-id=\"62058196\" data-element_type=\"container\">\n\t\t\t\t\t<div class=\"e-con-inner\">\n\t\t\t\t<div class=\"elementor-element elementor-element-6c3bc86f elementor-widget elementor-widget-text-editor\" data-id=\"6c3bc86f\" data-element_type=\"widget\" data-widget_type=\"text-editor.default\">\n\t\t\t\t<div class=\"elementor-widget-container\">\n\t\t\t\t\t\t\t\t\t\n<h1>IL RECUPERO SEMINTERRATI<\/h1>\n<h2><strong>L\u2019obiettivo della legge<\/strong>\u00a0<\/h2>\n\n<p class=\"wp-block-paragraph\">La legge Regionale n. 7 del 10 marzo 2017 consente, infatti, il recupero seminterrati, di vani ad uso abitativo, terziario o commerciale.\u00a0<\/p>\n\n<p class=\"wp-block-paragraph\">L\u2019obiettivo del legislatore \u00e8 lodevole: attraverso questa legge si propone di <strong>\u201cincentivare la rigenerazione urbana, contenere il consumo del suolo e favorire l\u2019istallazione di impianti tecnologici di contenimento dei consumi energetici e delle emissioni in atmosfera<\/strong>\u201d.\u00a0<\/p>\n\n<p class=\"wp-block-paragraph\">Un\u2019importante novit\u00e0 \u00e8 rappresentata dalla possibilit\u00e0 di <strong>adibire i nuovi spazi<\/strong> recuperati <strong>non solo ad uso residenziale<\/strong>, ma <strong>anche terziario e commerciale<\/strong>.\u00a0<\/p>\n\n<p class=\"wp-block-paragraph\">Non \u00e8 invece possibile adibire gli spazi recuperati ad attivit\u00e0 produttive o artigianali.\u00a0<\/p>\n\n<p class=\"wp-block-paragraph\"><strong>Cosa si intende per seminterrato e come si recupera?<\/strong>\u00a0<\/p>\n\n<p class=\"wp-block-paragraph\">Al riguardo la legge \u00e8 chiara. L\u2019Art. 1 offre la seguente definizione di piano seminterrato:\u00a0<\/p>\n\n<p class=\"wp-block-paragraph\">\u201cIl piano di un edificio il cui pavimento si trova a una quota inferiore, anche solo in parte, a quella del terreno posto in aderenza all\u2019edificio ed il cui soffitto si trova, anche solo in parte, a una quota superiore rispetto al terreno posto in aderenza all\u2019edificio\u201d.\u00a0<\/p>\n\n<p class=\"wp-block-paragraph\">Si introduce attraverso questa definizione un primo \u201cpaletto\u201d: <strong>sono esclusi dalla possibilit\u00e0 di recupero i locali che si trovano interamente a quote inferiori a quelle del terreno<\/strong>, che sono cio\u00e8 interrati e non possono ricevere una fonte di luce diretta.\u00a0<\/p>\n\n<p class=\"wp-block-paragraph\">Un secondo\u201d paletto\u201d \u00e8 legato alla <strong>preesistenza dei vani rispetto alla promulgazione della Legge<\/strong>: possono essere recuperati <strong>solo i seminterrati preesistenti a marzo 2017<\/strong> o gi\u00e0 in costruzione e che siano collocati in \u201cedifici serviti da oneri di urbanizzazione primaria\u201d e cio\u00e8 siano serviti da strade, prevedano spazi di sosta e parcheggio, spazi di verde attrezzato e siano collegati alla rete idrica ed alle fognature.\u00a0<\/p>\n\n<h2><strong>I requisiti tecnici per il recupero dei vani e locali seminterrati<\/strong>\u00a0<\/h2>\n\n<p class=\"wp-block-paragraph\">Per procedere al recupero \u00e8 necessario che i locali rispettino alcuni <strong>requisiti tecnici<\/strong>.\u00a0<br \/>I primi riguardano le <strong>prescrizioni igienico sanitarie<\/strong> vigenti. In particolare, l\u2019altezza dei locali non pu\u00f2 essere <strong>inferiore ai 2,40 metri<\/strong>: \u00a0<br \/>\u00a0<\/p>\n\n<p class=\"wp-block-paragraph\">Determinante anche il rispetto dei <strong>parametri di aeroilluminazione<\/strong> su cui possono, per\u00f2, venirci incontro l\u2019istallazione di impianti e attrezzature tecnologiche, oltre che opere edilizie <em>ad hoc<\/em>.\u00a0<\/p>\n\n<p class=\"wp-block-paragraph\">Devono inoltre essere previste idonee <strong>opere di isolamento termico<\/strong>, sia per raggiungere l\u2019obiettivo della legge relativo al contenimento dei costi energetici e delle emissioni, sia per garantire la salubrit\u00e0 dei locali.\u00a0<\/p>\n\n<p class=\"wp-block-paragraph\">Se il recupero del seminterrato \u00e8 destinato a <strong>dare vita ad una nuova unit\u00e0 abitativa<\/strong>, i requisiti si fanno ancor pi\u00f9 stringenti. Dovr\u00e0 essere garantita la presenza di un vespaio aerato su tutta la superfice dei locali e le pareti dovranno essere protette da intercapedine aerate.\u00a0<\/p>\n\n<p class=\"wp-block-paragraph\">Particolare attenzione in questo caso dovr\u00e0 essere posta al <strong>rapporto aeroilluminante<\/strong>. Se infatti il recupero avviene come estensione di un\u2019abitazione gi\u00e0 esistente, questo rapporto pu\u00f2 essere garantito attraverso strumenti tecnologici ed artificiali. Ma se il recupero d\u00e0 vita a una nuova unit\u00e0 abitativa il ricorso a strumenti di aerazione e illuminazione artificiale non pu\u00f2 superare il 50% della superfice e la distanza dall\u2019edificio \u201cprospicente\u201d non potr\u00e0 essere di meno di 2,7 metri.\u00a0<\/p>\n\n<h2><strong>Quali sono i casi in cui il recupero dei seminterrati non \u00e8 consentito?<\/strong>\u00a0<\/h2>\n\n<p class=\"wp-block-paragraph\">La legge regionale ha validit\u00e0 sull\u2019<strong>intero territorio della Lombardia<\/strong>. \u00a0<\/p>\n\n<p class=\"wp-block-paragraph\">Il recupero dei vani e locali seminterrati \u00e8 ammesso <strong>anche in deroga ai PGT comunali<\/strong>, tranne nel caso in cui l\u2019eventuale recupero possa essere fonte di contaminazione di opere di bonifiche in corso o gi\u00e0 effettuate o ancora in presenza di rischio idrogeologico e in particolare di fenomeni di risalita della falda acquifera che possano determinare una situazione di rischio per l\u2019utilizzo dei locali.\u00a0<\/p>\n\n<p class=\"wp-block-paragraph\">I Comuni possono quindi individuare attraverso apposita delibera <strong>zone di tutela paesaggistica o igienico sanitaria<\/strong> o di <strong>rischio idrogeologico<\/strong> in cui non \u00e8 possibile ricorrere al recupero dei vani e dei locali seminterrati.\u00a0<\/p>\n\n<p class=\"wp-block-paragraph\"><strong>La disciplina urbanistica del recupero dei vani e locali seminterrati<\/strong>\u00a0<\/p>\n\n<p class=\"wp-block-paragraph\">Il recupero pu\u00f2 avvenire <strong>con o senza opere edilizie<\/strong>. Chiaramente nella maggior parte delle situazioni occorre intervenire con opere edili e abbastanza invasive accompagnate da pratica comunale SCIA per l\u2019ottenimento del titolo abilitativo.\u00a0<\/p>\n\n<h2><strong>Per il recupero di un piano seminterrato ad uso residenziale o altra destinazione, che contributo bisogna versare al comune?<\/strong>\u00a0<\/h2>\n\n<p class=\"wp-block-paragraph\">Dunque, a seconda della destinazione d\u2019uso finale del recupero e soprattutto se il locale recuperato sar\u00e0 pertinenza o meno di altro immobile cambieranno le tipologie degli oneri e la percentuale di sconto se prevista del comune e dalle NTA vigenti.\u00a0<\/p>\n\n<p class=\"wp-block-paragraph\">Nel caso esempio di un recupero cantinato per utilizzarlo come pertinenza abitativa gli oneri da versare saranno solo quelli di urbanizzazione primaria e secondaria con eventuali scontistiche se previste.\u00a0<\/p>\n\n<p class=\"wp-block-paragraph\">Inoltre, qualora l\u2019intervento comporti l\u2019incremento del carico urbanistico esistente e la S.L. di progetto sia maggiore di mq. 100, esso \u00e8 assoggettato anche al reperimento (o in alternativa alla monetizzazione) di aree per servizi e attrezzature pubbliche e di interesse pubblico o generale, secondo quanto disposto dal Piano di Governo del Territorio (PGT).\u00a0<br \/>Nel caso di qualifica dell\u2019intervento come ristrutturazione edilizia \u00e8 necessaria anche la verifica della dotazione dei parcheggi privati ai sensi dell\u2019art. 8 del PDR del PGT.\u00a0<\/p>\n\n<p class=\"wp-block-paragraph\">Una nota importante \u00e8 relativa al <strong>cambio di destinazione d\u2019uso<\/strong> dei locali recuperati: se si ricorre a questa legge per dieci anni non \u00e8 possibile variare la destinazione d\u2019uso. Se, per esempio, il recupero \u00e8 fatto a fini abitativi per i dieci anni successivi non potr\u00e0 essere richiesto il cambio di destinazione d\u2019uso per fini commerciali e altro.\u00a0<\/p>\n\n<h2><strong>\u00c8 possibile ricorrere alle agevolazioni fiscali per il recupero di vani e locali seminterrati?<\/strong>\u00a0<\/h2>\n\n<p class=\"wp-block-paragraph\">Se l\u2019intervento si qualifica come <strong>ristrutturazione edilizia<\/strong> \u00e8 possibile ricorrere alle agevolazioni fiscali previste di anno in anno per questa attivit\u00e0.\u00a0<\/p>\n\n<p class=\"wp-block-paragraph\">\u00a0<\/p>\n\t\t\t\t\t\t\t\t<\/div>\n\t\t\t\t<\/div>\n\t\t\t\t\t<\/div>\n\t\t\t\t<\/div>\n\t\t<div class=\"elementor-element elementor-element-57139798 e-con-full e-flex e-con e-parent\" data-id=\"57139798\" data-element_type=\"container\" data-settings=\"{&quot;background_background&quot;:&quot;gradient&quot;}\">\n\t\t<div class=\"elementor-element elementor-element-655a4341 e-con-full e-flex e-con e-child\" data-id=\"655a4341\" data-element_type=\"container\">\n\t\t\t\t<\/div>\n\t\t<div class=\"elementor-element elementor-element-74c1adfa e-con-full e-flex e-con e-child\" data-id=\"74c1adfa\" data-element_type=\"container\" data-settings=\"{&quot;background_background&quot;:&quot;gradient&quot;}\">\n\t\t\t\t<div class=\"elementor-element elementor-element-51414bbf elementor-widget elementor-widget-image\" data-id=\"51414bbf\" data-element_type=\"widget\" data-widget_type=\"image.default\">\n\t\t\t\t<div class=\"elementor-widget-container\">\n\t\t\t\t\t\t\t\t\t\t\t\t\t\t\t<img decoding=\"async\" width=\"300\" height=\"69\" src=\"https:\/\/www.geomhaus.it\/geowp\/wp-content\/uploads\/2025\/10\/logo-2025_rev2-300x69.png\" class=\"attachment-medium size-medium wp-image-1408\" alt=\"Geomhaus Project Geometra Monza e Brianza\" srcset=\"https:\/\/www.geomhaus.it\/geowp\/wp-content\/uploads\/2025\/10\/logo-2025_rev2-300x69.png 300w, https:\/\/www.geomhaus.it\/geowp\/wp-content\/uploads\/2025\/10\/logo-2025_rev2-768x177.png 768w, https:\/\/www.geomhaus.it\/geowp\/wp-content\/uploads\/2025\/10\/logo-2025_rev2.png 864w\" sizes=\"(max-width: 300px) 100vw, 300px\" \/>\t\t\t\t\t\t\t\t\t\t\t\t\t\t\t<\/div>\n\t\t\t\t<\/div>\n\t\t\t\t<div class=\"elementor-element elementor-element-2d0282b3 elementor-widget elementor-widget-text-editor\" data-id=\"2d0282b3\" data-element_type=\"widget\" data-widget_type=\"text-editor.default\">\n\t\t\t\t<div class=\"elementor-widget-container\">\n\t\t\t\t\t\t\t\t\t<p><strong><em>Sede Amministrativa<\/em><\/strong><\/p>\n<p><strong><em>Brugherio (MB)<\/em><\/strong><\/p>\n<p><strong><em>Mobile +39\u00a0 333-4448013<\/em><\/strong><\/p>\n<p><strong><em>P.iva 04329600961<\/em><\/strong><\/p>\t\t\t\t\t\t\t\t<\/div>\n\t\t\t\t<\/div>\n\t\t\t\t<\/div>\n\t\t<div class=\"elementor-element elementor-element-200abc1b e-con-full e-flex e-con e-child\" data-id=\"200abc1b\" data-element_type=\"container\">\n\t\t\t\t<\/div>\n\t\t<div class=\"elementor-element elementor-element-17af6c2a e-con-full e-flex e-con e-child\" data-id=\"17af6c2a\" data-element_type=\"container\">\n\t\t\t\t<div class=\"elementor-element elementor-element-20125adf elementor-widget elementor-widget-html\" data-id=\"20125adf\" data-element_type=\"widget\" data-widget_type=\"html.default\">\n\t\t\t\t<div class=\"elementor-widget-container\">\n\t\t\t\t\t<a href=\"https:\/\/www.geomhaus.it\/geowp\/cookie-policy\/ \" title=\"Cookie Policy \">Cookie Policy<\/a>\t\t\t\t<\/div>\n\t\t\t\t<\/div>\n\t\t\t\t<div class=\"elementor-element elementor-element-3f84b6e1 elementor-widget elementor-widget-html\" data-id=\"3f84b6e1\" data-element_type=\"widget\" data-widget_type=\"html.default\">\n\t\t\t\t<div class=\"elementor-widget-container\">\n\t\t\t\t\t<a href=\"https:\/\/www.geomhaus.it\/geowp\/personal-data-policy\/\" title=\"Privacy Policy \">Privacy Policy<\/a>\t\t\t\t<\/div>\n\t\t\t\t<\/div>\n\t\t\t\t<div class=\"elementor-element elementor-element-6a03940e elementor-align-right elementor-mobile-align-center elementor-widget elementor-widget-button\" data-id=\"6a03940e\" data-element_type=\"widget\" data-widget_type=\"button.default\">\n\t\t\t\t<div class=\"elementor-widget-container\">\n\t\t\t\t\t\t\t\t\t<div class=\"elementor-button-wrapper\">\n\t\t\t\t\t<a class=\"elementor-button elementor-button-link elementor-size-sm elementor-animation-pulse\" href=\"https:\/\/www.geomhaus.it\/geowp\/\">\n\t\t\t\t\t\t<span class=\"elementor-button-content-wrapper\">\n\t\t\t\t\t\t<span class=\"elementor-button-icon\">\n\t\t\t\t<svg aria-hidden=\"true\" class=\"e-font-icon-svg e-fas-home\" viewBox=\"0 0 576 512\" xmlns=\"http:\/\/www.w3.org\/2000\/svg\"><path d=\"M280.37 148.26L96 300.11V464a16 16 0 0 0 16 16l112.06-.29a16 16 0 0 0 15.92-16V368a16 16 0 0 1 16-16h64a16 16 0 0 1 16 16v95.64a16 16 0 0 0 16 16.05L464 480a16 16 0 0 0 16-16V300L295.67 148.26a12.19 12.19 0 0 0-15.3 0zM571.6 251.47L488 182.56V44.05a12 12 0 0 0-12-12h-56a12 12 0 0 0-12 12v72.61L318.47 43a48 48 0 0 0-61 0L4.34 251.47a12 12 0 0 0-1.6 16.9l25.5 31A12 12 0 0 0 45.15 301l235.22-193.74a12.19 12.19 0 0 1 15.3 0L530.9 301a12 12 0 0 0 16.9-1.6l25.5-31a12 12 0 0 0-1.7-16.93z\"><\/path><\/svg>\t\t\t<\/span>\n\t\t\t\t\t\t\t\t\t<span class=\"elementor-button-text\">Home<\/span>\n\t\t\t\t\t<\/span>\n\t\t\t\t\t<\/a>\n\t\t\t\t<\/div>\n\t\t\t\t\t\t\t\t<\/div>\n\t\t\t\t<\/div>\n\t\t\t\t<\/div>\n\t\t<div class=\"elementor-element elementor-element-9240de3 e-con-full e-flex e-con e-child\" data-id=\"9240de3\" data-element_type=\"container\">\n\t\t\t\t<\/div>\n\t\t\t\t<\/div>\n\t\t\t\t<\/div>\n\t\t","protected":false},"excerpt":{"rendered":"<p>Servizi &#8212; &#8211; Contatti &#8211; Articoli IL RECUPERO SEMINTERRATI L\u2019obiettivo della legge\u00a0 La legge Regionale n. 7 del 10 marzo 2017 consente, infatti, il recupero seminterrati, di vani ad uso abitativo, terziario o commerciale.\u00a0 L\u2019obiettivo del legislatore \u00e8 lodevole: attraverso questa legge si propone di \u201cincentivare la rigenerazione urbana, contenere il consumo del suolo e [&hellip;]<\/p>\n","protected":false},"author":1,"featured_media":0,"comment_status":"open","ping_status":"open","sticky":false,"template":"elementor_header_footer","format":"standard","meta":{"footnotes":""},"categories":[23],"tags":[29,47,46],"class_list":["post-804","post","type-post","status-publish","format-standard","hentry","category-urbanistica_catasto","tag-abitabilita","tag-cambio-destinazione-duso","tag-recupero-seminterrati","entry"],"aioseo_notices":[],"rttpg_featured_image_url":null,"rttpg_author":{"display_name":"Geomhaus","author_link":"https:\/\/www.geomhaus.it\/geowp\/author\/drimuiver\/"},"rttpg_comment":0,"rttpg_category":"<a href=\"https:\/\/www.geomhaus.it\/geowp\/articoli\/urbanistica_catasto\/\" rel=\"category tag\">Urbanistica e catasto<\/a>","rttpg_excerpt":"Servizi &#8212; &#8211; Contatti &#8211; Articoli IL RECUPERO SEMINTERRATI L\u2019obiettivo della legge\u00a0 La legge Regionale n. 7 del 10 marzo 2017 consente, infatti, il recupero seminterrati, di vani ad uso abitativo, terziario o commerciale.\u00a0 L\u2019obiettivo del legislatore \u00e8 lodevole: attraverso questa legge si propone di \u201cincentivare la rigenerazione urbana, contenere il consumo del suolo e&hellip;","_links":{"self":[{"href":"https:\/\/www.geomhaus.it\/geowp\/wp-json\/wp\/v2\/posts\/804","targetHints":{"allow":["GET"]}}],"collection":[{"href":"https:\/\/www.geomhaus.it\/geowp\/wp-json\/wp\/v2\/posts"}],"about":[{"href":"https:\/\/www.geomhaus.it\/geowp\/wp-json\/wp\/v2\/types\/post"}],"author":[{"embeddable":true,"href":"https:\/\/www.geomhaus.it\/geowp\/wp-json\/wp\/v2\/users\/1"}],"replies":[{"embeddable":true,"href":"https:\/\/www.geomhaus.it\/geowp\/wp-json\/wp\/v2\/comments?post=804"}],"version-history":[{"count":16,"href":"https:\/\/www.geomhaus.it\/geowp\/wp-json\/wp\/v2\/posts\/804\/revisions"}],"predecessor-version":[{"id":1705,"href":"https:\/\/www.geomhaus.it\/geowp\/wp-json\/wp\/v2\/posts\/804\/revisions\/1705"}],"wp:attachment":[{"href":"https:\/\/www.geomhaus.it\/geowp\/wp-json\/wp\/v2\/media?parent=804"}],"wp:term":[{"taxonomy":"category","embeddable":true,"href":"https:\/\/www.geomhaus.it\/geowp\/wp-json\/wp\/v2\/categories?post=804"},{"taxonomy":"post_tag","embeddable":true,"href":"https:\/\/www.geomhaus.it\/geowp\/wp-json\/wp\/v2\/tags?post=804"}],"curies":[{"name":"wp","href":"https:\/\/api.w.org\/{rel}","templated":true}]}}